[{"@context":"https:\/\/schema.org\/","@type":"Article","@id":"https:\/\/www.noor.cz\/vikendovy-pobyt\/#Article","mainEntityOfPage":"https:\/\/www.noor.cz\/vikendovy-pobyt\/","headline":"V\u00edkendov\u00fd pobyt","name":"V\u00edkendov\u00fd pobyt","description":"Mnoho lid\u00ed u\u017e poznalo, \u017ee aby si odpo\u010dinuli, tak jim sta\u010d\u00ed vyrazit do \u010desk\u00e9 p\u0159\u00edrody. Proto\u017ee jedin\u011b tam se mohou dob\u00edt energi\u00ed za minim\u00e1ln\u00ed \u010das a minim\u00e1ln\u00ed n\u00e1klady. Co kdybyste<p class=\"more-link\"><a href=\"https:\/\/www.noor.cz\/vikendovy-pobyt\/\" class=\"readmore\">P\u0159e\u010d\u00edst p\u0159\u00edsp\u011bvek<span class=\"screen-reader-text\">V\u00edkendov\u00fd pobyt<\/span><\/a><\/p>","datePublished":"2025-02-27","dateModified":"2025-02-27","author":{"@type":"Person","@id":"https:\/\/www.noor.cz\/author\/#Person","name":"","url":"https:\/\/www.noor.cz\/author\/","identifier":1,"image":{"@type":"ImageObject","@id":"https:\/\/secure.gravatar.com\/avatar\/69bd9b72104e3ccfb6214cbd23cb226f96c6ecf33a2a351fa1d4682235118df3?s=96&d=mm&r=g","url":"https:\/\/secure.gravatar.com\/avatar\/69bd9b72104e3ccfb6214cbd23cb226f96c6ecf33a2a351fa1d4682235118df3?s=96&d=mm&r=g","height":96,"width":96}},"publisher":{"@type":"Organization","name":"noor.cz","logo":{"@type":"ImageObject","@id":"\/logo.png","url":"\/logo.png","width":600,"height":60}},"url":"https:\/\/www.noor.cz\/vikendovy-pobyt\/","wordCount":176,"articleBody":"Mnoho lid\u00ed u\u017e poznalo, \u017ee aby si odpo\u010dinuli, tak jim sta\u010d\u00ed vyrazit do \u010desk\u00e9 p\u0159\u00edrody. Proto\u017ee jedin\u011b tam se mohou dob\u00edt energi\u00ed za minim\u00e1ln\u00ed \u010das a minim\u00e1ln\u00ed n\u00e1klady. Co kdybyste to tedy vyzkou\u0161eli i vy a vyrazili na v\u00edkendov\u00fd pobyt?Jak je to dlouho, co jste se naposledy proch\u00e1zeli \u010desk\u00fdm lesem \u010di nav\u0161t\u00edvili n\u011bjak\u00fd ten zaj\u00edmav\u00fd hrad \u010di z\u00e1mek? Ka\u017ed\u00fd z n\u00e1s se vymlouv\u00e1 na to, \u017ee na to nem\u00e1 \u010das. Opak je ale pravdou. P\u0159esto\u017ee ten v\u00edkend m\u016f\u017eeme str\u00e1vit doma u televize, daleko v\u00edce si odpo\u010dineme pr\u00e1v\u011b takovouto vych\u00e1zkou p\u0159i v\u00edkendov\u00fd pobyt.Na hradUd\u011blejte si zaj\u00edmav\u00fd den t\u00edm, \u017ee nav\u0161t\u00edv\u00edte n\u011bjak\u00e9 \u010desk\u00e9 z\u00e1mky, hrady \u010di jin\u00e9 p\u0159\u00edrodn\u00ed \u00fatvary, kter\u00e9 v\u00e1m umo\u017en\u00ed si alespo\u0148 na chv\u00edli odpo\u010dinout. To v\u0161e v\u00e1m za\u0159\u00edd\u00edme s na\u0161\u00edm v\u00edkendov\u00fd pobyt.                                                                                                                                                                                                                                                                                                                                                                                        4.5\/5 - (2 votes)        "},{"@context":"https:\/\/schema.org\/","@type":"BreadcrumbList","itemListElement":[{"@type":"ListItem","position":1,"name":"V\u00edkendov\u00fd pobyt","item":"https:\/\/www.noor.cz\/vikendovy-pobyt\/#breadcrumbitem"}]}]