[{"@context":"https:\/\/schema.org\/","@type":"Article","@id":"https:\/\/www.noor.cz\/postel-90-x-200-s-uloznym-prostorem-prakticke-a-esteticke-reseni\/#Article","mainEntityOfPage":"https:\/\/www.noor.cz\/postel-90-x-200-s-uloznym-prostorem-prakticke-a-esteticke-reseni\/","headline":"Postel 90 x 200 s \u00falo\u017en\u00fdm prostorem &#8211; praktick\u00e9 a estetick\u00e9 \u0159e\u0161en\u00ed","name":"Postel 90 x 200 s \u00falo\u017en\u00fdm prostorem &#8211; praktick\u00e9 a estetick\u00e9 \u0159e\u0161en\u00ed","description":"Postele z d\u0159ev\u011bn\u00e9ho masivu jsou v oblib\u011b st\u00e1le a pravd\u011bpodobn\u011b se to nezm\u011bn\u00ed ani v dohledn\u00e9 budoucnosti. Velk\u00fd z\u00e1jem je hlavn\u011b o l\u016f\u017eka s \u00falo\u017en\u00fdm prostorem. \u00dalo\u017en\u00fd prostor Modern\u00edm trendem<p class=\"more-link\"><a href=\"https:\/\/www.noor.cz\/postel-90-x-200-s-uloznym-prostorem-prakticke-a-esteticke-reseni\/\" class=\"readmore\">P\u0159e\u010d\u00edst p\u0159\u00edsp\u011bvek<span class=\"screen-reader-text\">Postel 90 x 200 s \u00falo\u017en\u00fdm prostorem &#8211; praktick\u00e9 a estetick\u00e9 \u0159e\u0161en\u00ed<\/span><\/a><\/p>","datePublished":"2020-09-16","dateModified":"2023-11-06","author":{"@type":"Person","@id":"https:\/\/www.noor.cz\/author\/#Person","name":"","url":"https:\/\/www.noor.cz\/author\/","identifier":1,"image":{"@type":"ImageObject","@id":"https:\/\/secure.gravatar.com\/avatar\/69bd9b72104e3ccfb6214cbd23cb226f96c6ecf33a2a351fa1d4682235118df3?s=96&d=mm&r=g","url":"https:\/\/secure.gravatar.com\/avatar\/69bd9b72104e3ccfb6214cbd23cb226f96c6ecf33a2a351fa1d4682235118df3?s=96&d=mm&r=g","height":96,"width":96}},"publisher":{"@type":"Organization","name":"noor.cz","logo":{"@type":"ImageObject","@id":"\/logo.png","url":"\/logo.png","width":600,"height":60}},"image":{"@type":"ImageObject","@id":"https:\/\/www.noor.cz\/wp-content\/uploads\/postele%20s%20%C3%BAlo%C5%BEn%C3%BDm%20proostorem.PNG","url":"https:\/\/www.noor.cz\/wp-content\/uploads\/postele%20s%20%C3%BAlo%C5%BEn%C3%BDm%20proostorem.PNG","height":0,"width":0},"url":"https:\/\/www.noor.cz\/postel-90-x-200-s-uloznym-prostorem-prakticke-a-esteticke-reseni\/","about":["Produkty"],"wordCount":426,"articleBody":"       Postele z d\u0159ev\u011bn\u00e9ho masivu jsou v oblib\u011b st\u00e1le a pravd\u011bpodobn\u011b se to nezm\u011bn\u00ed ani v dohledn\u00e9 budoucnosti. Velk\u00fd z\u00e1jem je hlavn\u011b o l\u016f\u017eka s \u00falo\u017en\u00fdm prostorem.\u00dalo\u017en\u00fd prostorModern\u00edm trendem je zv\u011bt\u0161it obytn\u00fd prostor do maxima a pokud mo\u017eno se uskromnit v po\u010dtu kus\u016f n\u00e1bytku tak, abychom jej co nejv\u00edce vyu\u017eili. D\u0159\u00edve tomu bylo jinak, je\u0161t\u011b v 90. letech se udr\u017eoval ve v\u011bt\u0161in\u011b dom\u00e1cnost\u00ed status tzv. st\u011bnov\u00e9ho fenom\u00e9nu \u2013 ob\u00fdvac\u00ed st\u011bny zapln\u011bn\u00e9 od zem\u011b a\u017e t\u00e9m\u011b\u0159 ke stropu, dopln\u011bn\u00e9 televizorem, uzav\u0159en\u00fdmi sk\u0159\u00ed\u0148kami a z\u00e1suvkami, p\u0159\u00edpadn\u011b odd\u011blen\u00fdm prostorem ve form\u011b knihovny a prosklen\u00fdch reg\u00e1l\u016f s porcel\u00e1nov\u00fdmi servisy.Dnes se sna\u017e\u00edme o prav\u00fd opak \u2013 ob\u00fdvac\u00ed pokoj si sice z\u00fatulnit, ale sp\u00ed\u0161e s kv\u011btinami a dekoracemi, a v\u011bt\u0161inu p\u0159edm\u011bt\u016f naopak um\u00edstit do sk\u0159\u00edn\u00ed s \u00falo\u017en\u00fdm prostorem mimo obytn\u00e9 z\u00f3ny \u2013 do chodeb, ke schodi\u0161ti atd. Sou\u010d\u00e1st\u00ed tohoto procesu je tak\u00e9 rozumn\u00fd p\u0159\u00edstup a vyu\u017eit\u00ed ka\u017ed\u00e9ho \u010dtvere\u010dn\u00edho centimetru v podob\u011b postel\u00ed 90 x 200 s \u00falo\u017en\u00fdm prostorem Drevenynabytek-borovicemasiv.cz.Nepot\u0159ebujete ani kalkula\u010dku, abyste na prstech jedn\u00e9 ruky spo\u010d\u00edtali, jak velkou plochu zabere takov\u00e9 l\u016f\u017eko. Jestli\u017ee do t\u011bch necel\u00fdch dvou \u010dtvere\u010dn\u00edch metr\u016f zapo\u010d\u00edt\u00e1te i v\u00fd\u0161ku prostoru od zem\u011b, m\u00e1te pom\u011brn\u011b slu\u0161n\u00fd objem, s n\u00edm\u017e m\u016f\u017eete po\u010d\u00edtat p\u0159i ukl\u00e1d\u00e1n\u00ed v\u011bc\u00ed. A co se nej\u010dast\u011bji do \u00falo\u017en\u00e9ho prostoru vkl\u00e1d\u00e1?Sezonn\u00ed od\u011bvy \u2013 vyplat\u00ed se vyu\u017e\u00edt velk\u00fd polyetylenov\u00fd vak s uzav\u00edrac\u00edm jezdcem a m\u00e1te po starostech. Ne\u0159e\u0161\u00edte ani prach nebo z\u00e1pach a m\u016f\u017eete tu m\u00edt pod postel\u00ed cokoli, od sportovn\u00edch pot\u0159eb a\u017e po sezonn\u00ed obuv.Povle\u010den\u00ed a l\u016f\u017ekoviny \u2013 to je asi nej\u010dast\u011bj\u0161\u00ed zp\u016fsob, co se do \u00falo\u017en\u00e9ho prostoru pod l\u016f\u017ekem vkl\u00e1d\u00e1. Prostor m\u016f\u017ee b\u00fdt natolik velk\u00fd, \u017ee se sem vejde i n\u00e1hradn\u00ed povle\u010den\u00ed a sezonn\u00ed (letn\u00ed a zimn\u00ed) chladiv\u00e9 nebo h\u0159ejiv\u00e9 p\u0159ikr\u00fdvky.Hra\u010dky \u2013 ukl\u00edzen\u00ed hra\u010dek nebav\u00ed snad nikoho a tak je nejjednodu\u0161\u0161\u00ed um\u00edstit je do \u00falo\u017en\u00e9ho boxu, kde nejsou na o\u010d\u00edch, a kde jejich \u00faklid nezabere mnoho \u010dasu.                                                                                                                                                                                                                                                                                                                                                                                          3.8\/5 - (13 votes)        "},{"@context":"https:\/\/schema.org\/","@type":"BreadcrumbList","itemListElement":[{"@type":"ListItem","position":1,"name":"Postel 90 x 200 s \u00falo\u017en\u00fdm prostorem &#8211; praktick\u00e9 a estetick\u00e9 \u0159e\u0161en\u00ed","item":"https:\/\/www.noor.cz\/postel-90-x-200-s-uloznym-prostorem-prakticke-a-esteticke-reseni\/#breadcrumbitem"}]}]