[{"@context":"https:\/\/schema.org\/","@type":"Article","@id":"https:\/\/www.noor.cz\/nase-politika\/#Article","mainEntityOfPage":"https:\/\/www.noor.cz\/nase-politika\/","headline":"Na\u0161e politika","name":"Na\u0161e politika","description":"Zaj\u00edm\u00e1te se o politiku? Pokud ano, tak se jist\u011b vyzn\u00e1te taky v politick\u00fdch n\u00e1zorech a taky r\u016fzn\u00fdch skupin\u00e1ch, kdy se vyskytuj\u00ed v politice nebo jsou i dal\u0161\u00ed politick\u00e9 strany \u010di<p class=\"more-link\"><a href=\"https:\/\/www.noor.cz\/nase-politika\/\" class=\"readmore\">P\u0159e\u010d\u00edst p\u0159\u00edsp\u011bvek<span class=\"screen-reader-text\">Na\u0161e politika<\/span><\/a><\/p>","datePublished":"2022-03-09","dateModified":"2023-06-01","author":{"@type":"Person","@id":"https:\/\/www.noor.cz\/author\/#Person","name":"","url":"https:\/\/www.noor.cz\/author\/","identifier":1,"image":{"@type":"ImageObject","@id":"https:\/\/secure.gravatar.com\/avatar\/69bd9b72104e3ccfb6214cbd23cb226f96c6ecf33a2a351fa1d4682235118df3?s=96&d=mm&r=g","url":"https:\/\/secure.gravatar.com\/avatar\/69bd9b72104e3ccfb6214cbd23cb226f96c6ecf33a2a351fa1d4682235118df3?s=96&d=mm&r=g","height":96,"width":96}},"publisher":{"@type":"Organization","name":"noor.cz","logo":{"@type":"ImageObject","@id":"\/logo.png","url":"\/logo.png","width":600,"height":60}},"image":{"@type":"ImageObject","@id":"https:\/\/www.noor.cz\/wp-content\/uploads\/girl_computer_notebook_1064659.jpg","url":"https:\/\/www.noor.cz\/wp-content\/uploads\/girl_computer_notebook_1064659.jpg","height":0,"width":0},"url":"https:\/\/www.noor.cz\/nase-politika\/","about":["Politika"],"wordCount":443,"articleBody":"Zaj\u00edm\u00e1te se o politiku? Pokud ano, tak se jist\u011b vyzn\u00e1te taky v politick\u00fdch n\u00e1zorech a taky r\u016fzn\u00fdch skupin\u00e1ch, kdy se vyskytuj\u00ed v politice nebo jsou i dal\u0161\u00ed politick\u00e9 strany \u010di hlavy st\u00e1tu, kter\u00e9 by st\u00e1ly za zm\u00ednku. J\u00e1 se velice zaj\u00edm\u00e1m o politiku, ale nikdy p\u0159edt\u00edm m\u011b politika nebavila a nezaj\u00edmala m\u011b, to v\u0161echno za\u010dalo, asi kdy\u017e mi bylo \u0161estn\u00e1ct nebo sedmn\u00e1ct let. Byly n\u011bjak\u00e9 volby, u\u017e si nevzpom\u00edn\u00e1m, jak\u00e9 p\u0159esn\u011b. Jenom\u017ee m\u011b ta politika opravdu tak hodn\u011b zaujala, \u017ee jsem se potom s babi\u010dkou a s d\u011bde\u010dkem \u010dasto koukala na r\u016fzn\u00e9 po\u0159ady, kde vystupovali politici a vedli r\u016fzn\u00e9 rozhovory nebo dialogy. Mus\u00edm uznat, \u017ee to bylo docela zaj\u00edmav\u00e9.A pozd\u011bji, kdy\u017e jsem se za rok a p\u016fl u\u017e v\u00edce vyznala v politice, tak jsem potom m\u011bla u\u017e taky sv\u00e9 vlastn\u00ed n\u00e1zory, kter\u00e9 pr\u00fd n\u011bkdy podle rodiny byly dost \u0161\u00edlen\u00e9. Abych pravdu \u0159ekla, je to opravdu zaj\u00edmav\u00e9 a politika je celkov\u011b slo\u017eit\u00e1 sama o sob\u011b. A n\u011bkdy jsem opravdu na\u0161tvan\u00e1, kdy\u017e sly\u0161\u00edm n\u011bkter\u00e9 politiky \u0159\u00edkat jejich vlastn\u00ed n\u00e1zory. A sice ano, na druhou stranu ch\u00e1pu a beru na v\u011bdom\u00ed, \u017ee ka\u017ed\u00fd ob\u010dan na\u0161\u00ed republiky a pr\u00e1vo na sv\u016fj n\u00e1zor. Tohle je logick\u00e9 a nikomu to neberu. Jenom\u017ee v\u0161ichni v\u00edme, \u017ee ne v\u0161echny n\u00e1zory mohou b\u00fdt spr\u00e1vn\u00e9 a dokonal\u00e9. A ne ka\u017ed\u00e9mu se l\u00edb\u00ed jin\u00e9 a ciz\u00ed n\u00e1zory. Jenom\u017ee ka\u017ed\u00fd \u010dlov\u011bk m\u00e1 sv\u016fj n\u00e1zor, a to v\u010detn\u011b politika.Jenom\u017ee jist\u011b v\u00edme, \u017ee kdy\u017e si t\u0159eba dva lid\u00e9 nesednou v tom, jak je maj\u00ed politick\u00e9 n\u00e1zory, tak z toho potom m\u016f\u017ee vzniknout probl\u00e9m, \u017ee se t\u0159eba dva lid\u00e9 poh\u00e1daj\u00ed. Proto\u017ee zn\u00e1m n\u011bkolik p\u0159\u00edpad\u016f, kdy to v rodin\u011b v\u016fbec neklapalo jenom kv\u016fli tomu, \u017ee ka\u017ed\u00fd \u010dlov\u011bk v\u011b\u0159il v jinou politickou stranu. Tohle se mi nel\u00edb\u00ed a mysl\u00edm si, \u017ee do rodiny nebo do p\u0159\u00e1telstv\u00ed \u010di do l\u00e1sky by politika nem\u011bla v\u016fbec zasahovat. A pokud u\u017e ano, tak by se lid\u00e9 kv\u016fli politice nem\u011bli v\u016fbec h\u00e1dat anebo se roze\u0161tvat. A jak jste na tom vy a politika? Nebo se o ni rad\u011bji v\u016fbec nezaj\u00edm\u00e1te? Mysl\u00edm, \u017ee n\u011bkdy nez\u00e1jem je lep\u0161\u00ed.\u00a0                                                                                                                                                                                                                                                                                                                                                                                        4.5\/5 - (6 votes)        "},{"@context":"https:\/\/schema.org\/","@type":"BreadcrumbList","itemListElement":[{"@type":"ListItem","position":1,"name":"Na\u0161e politika","item":"https:\/\/www.noor.cz\/nase-politika\/#breadcrumbitem"}]}]